{"id":427,"date":"2025-08-15T12:57:20","date_gmt":"2025-08-15T10:57:20","guid":{"rendered":"https:\/\/collegedemontussan.fr\/?p=427"},"modified":"2025-08-21T17:06:43","modified_gmt":"2025-08-21T15:06:43","slug":"rentree-scolaire-2025","status":"publish","type":"post","link":"https:\/\/collegedemontussan.fr\/index.php\/2025\/08\/15\/rentree-scolaire-2025\/","title":{"rendered":"Rentr\u00e9e scolaire 6\u00e8mes (2025)"},"content":{"rendered":"\n<p>La rentr\u00e9e des classes de 6\u00e8mes aura lieu le <strong>LUNDI 1er SEPTEMBRE 2025<\/strong>.<\/p>\n\n\n\n<p>Les \u00e9l\u00e8ves seront pris en charge toute la journ\u00e9e, de 08h20 \u00e0 16h15 (08h20-11h20 \/ 13h15-16h15 pour les externes).<\/p>\n\n\n\n<p>R\u00e9union des parents d&rsquo;\u00e9l\u00e8ves de 6\u00e8mes : 17h30<\/p>\n\n\n\n<p><strong>Attention<\/strong> : pas de cours pour les 6\u00e8mes le mardi 02\/09.<\/p>\n\n\n\n<div data-wp-interactive=\"core\/file\" class=\"wp-block-file\"><object data-wp-bind--hidden=\"!state.hasPdfPreview\" hidden class=\"wp-block-file__embed\" data=\"https:\/\/collegedemontussan.fr\/wp-content\/uploads\/2025\/08\/Calendrier-rentree-eleves-2025.pdf\" type=\"application\/pdf\" style=\"width:100%;height:600px\" aria-label=\"Contenu embarqu\u00e9 Calendrier rentr\u00e9e \u00e9l\u00e8ves 2025.\"><\/object><a id=\"wp-block-file--media-aeb5cd5d-4377-4c91-91c0-60499f9da7a4\" href=\"https:\/\/collegedemontussan.fr\/wp-content\/uploads\/2025\/08\/Calendrier-rentree-eleves-2025.pdf\" class=\"mtli_attachment mtli_pdf\">Calendrier rentr\u00e9e \u00e9l\u00e8ves 2025<\/a><a href=\"https:\/\/collegedemontussan.fr\/wp-content\/uploads\/2025\/08\/Calendrier-rentree-eleves-2025.pdf\" class=\"mtli_attachment mtli_pdf\" class=\"wp-block-file__button wp-element-button\" download aria-describedby=\"wp-block-file--media-aeb5cd5d-4377-4c91-91c0-60499f9da7a4\">T\u00e9l\u00e9charger<\/a><\/div>\n","protected":false},"excerpt":{"rendered":"<p>La rentr\u00e9e des classes de 6\u00e8mes aura lieu le LUNDI 1er SEPTEMBRE 2025. Les \u00e9l\u00e8ves seront pris en charge toute la journ\u00e9e, de 08h20 \u00e0 16h15 (08h20-11h20 \/ 13h15-16h15 pour les externes). R\u00e9union des parents d&rsquo;\u00e9l\u00e8ves de 6\u00e8mes : 17h30 Attention : pas de cours pour les 6\u00e8mes le mardi 02\/09.<\/p>\n","protected":false},"author":2,"featured_media":0,"comment_status":"closed","ping_status":"","sticky":false,"template":"","format":"standard","meta":{"footnotes":""},"categories":[1],"tags":[],"class_list":["post-427","post","type-post","status-publish","format-standard","hentry","category-non-classe"],"_links":{"self":[{"href":"https:\/\/collegedemontussan.fr\/index.php\/wp-json\/wp\/v2\/posts\/427","targetHints":{"allow":["GET"]}}],"collection":[{"href":"https:\/\/collegedemontussan.fr\/index.php\/wp-json\/wp\/v2\/posts"}],"about":[{"href":"https:\/\/collegedemontussan.fr\/index.php\/wp-json\/wp\/v2\/types\/post"}],"author":[{"embeddable":true,"href":"https:\/\/collegedemontussan.fr\/index.php\/wp-json\/wp\/v2\/users\/2"}],"replies":[{"embeddable":true,"href":"https:\/\/collegedemontussan.fr\/index.php\/wp-json\/wp\/v2\/comments?post=427"}],"version-history":[{"count":4,"href":"https:\/\/collegedemontussan.fr\/index.php\/wp-json\/wp\/v2\/posts\/427\/revisions"}],"predecessor-version":[{"id":435,"href":"https:\/\/collegedemontussan.fr\/index.php\/wp-json\/wp\/v2\/posts\/427\/revisions\/435"}],"wp:attachment":[{"href":"https:\/\/collegedemontussan.fr\/index.php\/wp-json\/wp\/v2\/media?parent=427"}],"wp:term":[{"taxonomy":"category","embeddable":true,"href":"https:\/\/collegedemontussan.fr\/index.php\/wp-json\/wp\/v2\/categories?post=427"},{"taxonomy":"post_tag","embeddable":true,"href":"https:\/\/collegedemontussan.fr\/index.php\/wp-json\/wp\/v2\/tags?post=427"}],"curies":[{"name":"wp","href":"https:\/\/api.w.org\/{rel}","templated":true}]}}