{"id":432,"date":"2025-08-21T17:03:57","date_gmt":"2025-08-21T15:03:57","guid":{"rendered":"https:\/\/collegedemontussan.fr\/?p=432"},"modified":"2025-08-21T17:03:57","modified_gmt":"2025-08-21T15:03:57","slug":"rentree-scolaire-5emes-et-4emes","status":"publish","type":"post","link":"https:\/\/collegedemontussan.fr\/index.php\/2025\/08\/21\/rentree-scolaire-5emes-et-4emes\/","title":{"rendered":"Rentr\u00e9e scolaire 5\u00e8mes et 4\u00e8mes"},"content":{"rendered":"\n<p>Les \u00e9l\u00e8ves de 5\u00e8mes et de 4\u00e8mes effectueront leur rentr\u00e9e MARDI 02 SEPTEMBRE, \u00e0 08h20.<\/p>\n\n\n\n<p>Ils seront pris en charge de 08h20 \u00e0 16h15 (08h20-11h20 \/ 13h15-16h15 pour les externes).<\/p>\n\n\n\n<p><strong>R\u00e9union des parents d&rsquo;\u00e9l\u00e8ves de 5\u00e8mes<\/strong> : Mardi 02\/09 \u00e0 17h30<\/p>\n\n\n\n<p><strong>R\u00e9union des parents d&rsquo;\u00e9l\u00e8ves de 4\u00e8mes <\/strong>: Jeudi 04\/09 \u00e0 17h30<\/p>\n\n\n\n<p>D\u00e9but des cours, selon les emplois du temps, \u00e0 partir de mercredi 03\/09.<\/p>\n\n\n\n<p><\/p>\n","protected":false},"excerpt":{"rendered":"<p>Les \u00e9l\u00e8ves de 5\u00e8mes et de 4\u00e8mes effectueront leur rentr\u00e9e MARDI 02 SEPTEMBRE, \u00e0 08h20. Ils seront pris en charge de 08h20 \u00e0 16h15 (08h20-11h20 \/ 13h15-16h15 pour les externes). R\u00e9union des parents d&rsquo;\u00e9l\u00e8ves de 5\u00e8mes : Mardi 02\/09 \u00e0 17h30 R\u00e9union des parents d&rsquo;\u00e9l\u00e8ves de 4\u00e8mes : Jeudi 04\/09 \u00e0 17h30 D\u00e9but des cours, [&hellip;]<\/p>\n","protected":false},"author":2,"featured_media":0,"comment_status":"closed","ping_status":"","sticky":false,"template":"","format":"standard","meta":{"footnotes":""},"categories":[1],"tags":[],"class_list":["post-432","post","type-post","status-publish","format-standard","hentry","category-non-classe"],"_links":{"self":[{"href":"https:\/\/collegedemontussan.fr\/index.php\/wp-json\/wp\/v2\/posts\/432","targetHints":{"allow":["GET"]}}],"collection":[{"href":"https:\/\/collegedemontussan.fr\/index.php\/wp-json\/wp\/v2\/posts"}],"about":[{"href":"https:\/\/collegedemontussan.fr\/index.php\/wp-json\/wp\/v2\/types\/post"}],"author":[{"embeddable":true,"href":"https:\/\/collegedemontussan.fr\/index.php\/wp-json\/wp\/v2\/users\/2"}],"replies":[{"embeddable":true,"href":"https:\/\/collegedemontussan.fr\/index.php\/wp-json\/wp\/v2\/comments?post=432"}],"version-history":[{"count":1,"href":"https:\/\/collegedemontussan.fr\/index.php\/wp-json\/wp\/v2\/posts\/432\/revisions"}],"predecessor-version":[{"id":433,"href":"https:\/\/collegedemontussan.fr\/index.php\/wp-json\/wp\/v2\/posts\/432\/revisions\/433"}],"wp:attachment":[{"href":"https:\/\/collegedemontussan.fr\/index.php\/wp-json\/wp\/v2\/media?parent=432"}],"wp:term":[{"taxonomy":"category","embeddable":true,"href":"https:\/\/collegedemontussan.fr\/index.php\/wp-json\/wp\/v2\/categories?post=432"},{"taxonomy":"post_tag","embeddable":true,"href":"https:\/\/collegedemontussan.fr\/index.php\/wp-json\/wp\/v2\/tags?post=432"}],"curies":[{"name":"wp","href":"https:\/\/api.w.org\/{rel}","templated":true}]}}