{"id":457,"date":"2025-09-26T15:26:29","date_gmt":"2025-09-26T13:26:29","guid":{"rendered":"https:\/\/collegedemontussan.fr\/?p=457"},"modified":"2025-09-26T15:26:29","modified_gmt":"2025-09-26T13:26:29","slug":"semaine-de-la-democratie","status":"publish","type":"post","link":"https:\/\/collegedemontussan.fr\/index.php\/2025\/09\/26\/semaine-de-la-democratie\/","title":{"rendered":"Semaine de la d\u00e9mocratie"},"content":{"rendered":"\n<p>Les \u00e9lections des repr\u00e9sentants de parents d\u2019\u00e9l\u00e8ves et des d\u00e9l\u00e9gu\u00e9s \u00e9l\u00e8ves constituent des rendez-vous essentiels de la vie scolaire d&rsquo;un \u00e9tablissement. Afin de valoriser et de promouvoir cet engagement citoyen, la Semaine de la d\u00e9mocratie scolaire a \u00e9t\u00e9 instaur\u00e9e. En 2025, elle se d\u00e9roulera du 6 au 11 octobre.<\/p>\n\n\n\n<p>Les parents d&rsquo;\u00e9l\u00e8ves pourront choisir leurs repr\u00e9sentants du 06 au 09 oct par vote \u00e9lectronique ou sur place le 10 oct (matin).<\/p>\n\n\n\n<p>Les \u00e9l\u00e8ves choisiront leurs d\u00e9l\u00e9gu\u00e9s de classe durant la semaine du 29\/09 au 03\/10. L&rsquo;ensemble des d\u00e9l\u00e9gu\u00e9s-\u00e9l\u00e8ves sera r\u00e9uni en assembl\u00e9e g\u00e9n\u00e9rale le 07 octobre pour choisir leurs repr\u00e9sentants au Conseil d&rsquo;administration.<\/p>\n\n\n\n<figure class=\"wp-block-image size-full\"><img loading=\"lazy\" decoding=\"async\" width=\"739\" height=\"272\" src=\"https:\/\/collegedemontussan.fr\/wp-content\/uploads\/2025\/09\/d-mocratie-scolaire-22081.jpg\" alt=\"\" class=\"wp-image-458\" srcset=\"https:\/\/collegedemontussan.fr\/wp-content\/uploads\/2025\/09\/d-mocratie-scolaire-22081.jpg 739w, https:\/\/collegedemontussan.fr\/wp-content\/uploads\/2025\/09\/d-mocratie-scolaire-22081-300x110.jpg 300w\" sizes=\"auto, (max-width: 739px) 100vw, 739px\" \/><\/figure>\n\n\n\n<p><\/p>\n","protected":false},"excerpt":{"rendered":"<p>Les \u00e9lections des repr\u00e9sentants de parents d\u2019\u00e9l\u00e8ves et des d\u00e9l\u00e9gu\u00e9s \u00e9l\u00e8ves constituent des rendez-vous essentiels de la vie scolaire d&rsquo;un \u00e9tablissement. Afin de valoriser et de promouvoir cet engagement citoyen, la Semaine de la d\u00e9mocratie scolaire a \u00e9t\u00e9 instaur\u00e9e. En 2025, elle se d\u00e9roulera du 6 au 11 octobre. Les parents d&rsquo;\u00e9l\u00e8ves pourront choisir leurs [&hellip;]<\/p>\n","protected":false},"author":2,"featured_media":0,"comment_status":"closed","ping_status":"","sticky":false,"template":"","format":"standard","meta":{"footnotes":""},"categories":[1],"tags":[],"class_list":["post-457","post","type-post","status-publish","format-standard","hentry","category-non-classe"],"_links":{"self":[{"href":"https:\/\/collegedemontussan.fr\/index.php\/wp-json\/wp\/v2\/posts\/457","targetHints":{"allow":["GET"]}}],"collection":[{"href":"https:\/\/collegedemontussan.fr\/index.php\/wp-json\/wp\/v2\/posts"}],"about":[{"href":"https:\/\/collegedemontussan.fr\/index.php\/wp-json\/wp\/v2\/types\/post"}],"author":[{"embeddable":true,"href":"https:\/\/collegedemontussan.fr\/index.php\/wp-json\/wp\/v2\/users\/2"}],"replies":[{"embeddable":true,"href":"https:\/\/collegedemontussan.fr\/index.php\/wp-json\/wp\/v2\/comments?post=457"}],"version-history":[{"count":1,"href":"https:\/\/collegedemontussan.fr\/index.php\/wp-json\/wp\/v2\/posts\/457\/revisions"}],"predecessor-version":[{"id":459,"href":"https:\/\/collegedemontussan.fr\/index.php\/wp-json\/wp\/v2\/posts\/457\/revisions\/459"}],"wp:attachment":[{"href":"https:\/\/collegedemontussan.fr\/index.php\/wp-json\/wp\/v2\/media?parent=457"}],"wp:term":[{"taxonomy":"category","embeddable":true,"href":"https:\/\/collegedemontussan.fr\/index.php\/wp-json\/wp\/v2\/categories?post=457"},{"taxonomy":"post_tag","embeddable":true,"href":"https:\/\/collegedemontussan.fr\/index.php\/wp-json\/wp\/v2\/tags?post=457"}],"curies":[{"name":"wp","href":"https:\/\/api.w.org\/{rel}","templated":true}]}}