{"id":496,"date":"2025-12-05T14:12:41","date_gmt":"2025-12-05T13:12:41","guid":{"rendered":"https:\/\/collegedemontussan.fr\/?p=496"},"modified":"2025-12-05T14:12:41","modified_gmt":"2025-12-05T13:12:41","slug":"soiree-portes-ouvertes","status":"publish","type":"post","link":"https:\/\/collegedemontussan.fr\/index.php\/2025\/12\/05\/soiree-portes-ouvertes\/","title":{"rendered":"Soir\u00e9e \u00ab\u00a0Portes Ouvertes\u00a0\u00bb"},"content":{"rendered":"<div class=\"wp-block-image\">\n<figure class=\"aligncenter size-large\"><img loading=\"lazy\" decoding=\"async\" width=\"724\" height=\"1024\" src=\"https:\/\/collegedemontussan.fr\/wp-content\/uploads\/2025\/12\/Affiche-Portes-Ouvertes-724x1024.png\" alt=\"\" class=\"wp-image-497\" srcset=\"https:\/\/collegedemontussan.fr\/wp-content\/uploads\/2025\/12\/Affiche-Portes-Ouvertes-724x1024.png 724w, https:\/\/collegedemontussan.fr\/wp-content\/uploads\/2025\/12\/Affiche-Portes-Ouvertes-212x300.png 212w, https:\/\/collegedemontussan.fr\/wp-content\/uploads\/2025\/12\/Affiche-Portes-Ouvertes-768x1086.png 768w, https:\/\/collegedemontussan.fr\/wp-content\/uploads\/2025\/12\/Affiche-Portes-Ouvertes-1086x1536.png 1086w, https:\/\/collegedemontussan.fr\/wp-content\/uploads\/2025\/12\/Affiche-Portes-Ouvertes-1448x2048.png 1448w, https:\/\/collegedemontussan.fr\/wp-content\/uploads\/2025\/12\/Affiche-Portes-Ouvertes.png 1587w\" sizes=\"auto, (max-width: 724px) 100vw, 724px\" \/><\/figure>\n<\/div>\n\n\n<p><strong>Vendredi 05 d\u00e9cembre 2025 <\/strong>le coll\u00e8ge accueille les <strong>parents et \u00e9l\u00e8ves de CM2<\/strong> des \u00e9coles \u00e9l\u00e9mentaires des communes du secteur : Bonnetan, Beychac-et-Cailleau, Montussan, Pompignac, Salleboeuf et St-Sulpice-et-Cameyrac.<\/p>\n\n\n\n<p>D\u00e9couverte de l&rsquo;\u00e9tablissement par des \u00e9l\u00e8ves \u00ab\u00a0ambassadeurs\u00a0\u00bb et des personnels afin de pr\u00e9parer la liaison CM2-6\u00e8me.<\/p>\n\n\n\n<p>En janvier 2026, des \u00e9l\u00e8ves de 6\u00e8mes se rendront dans leurs anciennes \u00e9coles pour pr\u00e9senter la vie d&rsquo;un coll\u00e9gien et rassurer les CM2 sur cette transition.<\/p>\n\n\n\n<p><\/p>\n","protected":false},"excerpt":{"rendered":"<p>Vendredi 05 d\u00e9cembre 2025 le coll\u00e8ge accueille les parents et \u00e9l\u00e8ves de CM2 des \u00e9coles \u00e9l\u00e9mentaires des communes du secteur : Bonnetan, Beychac-et-Cailleau, Montussan, Pompignac, Salleboeuf et St-Sulpice-et-Cameyrac. D\u00e9couverte de l&rsquo;\u00e9tablissement par des \u00e9l\u00e8ves \u00ab\u00a0ambassadeurs\u00a0\u00bb et des personnels afin de pr\u00e9parer la liaison CM2-6\u00e8me. En janvier 2026, des \u00e9l\u00e8ves de 6\u00e8mes se rendront dans leurs [&hellip;]<\/p>\n","protected":false},"author":2,"featured_media":0,"comment_status":"closed","ping_status":"","sticky":false,"template":"","format":"standard","meta":{"footnotes":""},"categories":[5],"tags":[],"class_list":["post-496","post","type-post","status-publish","format-standard","hentry","category-vie-du-college"],"_links":{"self":[{"href":"https:\/\/collegedemontussan.fr\/index.php\/wp-json\/wp\/v2\/posts\/496","targetHints":{"allow":["GET"]}}],"collection":[{"href":"https:\/\/collegedemontussan.fr\/index.php\/wp-json\/wp\/v2\/posts"}],"about":[{"href":"https:\/\/collegedemontussan.fr\/index.php\/wp-json\/wp\/v2\/types\/post"}],"author":[{"embeddable":true,"href":"https:\/\/collegedemontussan.fr\/index.php\/wp-json\/wp\/v2\/users\/2"}],"replies":[{"embeddable":true,"href":"https:\/\/collegedemontussan.fr\/index.php\/wp-json\/wp\/v2\/comments?post=496"}],"version-history":[{"count":1,"href":"https:\/\/collegedemontussan.fr\/index.php\/wp-json\/wp\/v2\/posts\/496\/revisions"}],"predecessor-version":[{"id":498,"href":"https:\/\/collegedemontussan.fr\/index.php\/wp-json\/wp\/v2\/posts\/496\/revisions\/498"}],"wp:attachment":[{"href":"https:\/\/collegedemontussan.fr\/index.php\/wp-json\/wp\/v2\/media?parent=496"}],"wp:term":[{"taxonomy":"category","embeddable":true,"href":"https:\/\/collegedemontussan.fr\/index.php\/wp-json\/wp\/v2\/categories?post=496"},{"taxonomy":"post_tag","embeddable":true,"href":"https:\/\/collegedemontussan.fr\/index.php\/wp-json\/wp\/v2\/tags?post=496"}],"curies":[{"name":"wp","href":"https:\/\/api.w.org\/{rel}","templated":true}]}}