{"id":500,"date":"2026-01-05T17:46:26","date_gmt":"2026-01-05T16:46:26","guid":{"rendered":"https:\/\/collegedemontussan.fr\/?p=500"},"modified":"2026-01-05T17:46:26","modified_gmt":"2026-01-05T16:46:26","slug":"action-de-prevention-transports-scolaires","status":"publish","type":"post","link":"https:\/\/collegedemontussan.fr\/index.php\/2026\/01\/05\/action-de-prevention-transports-scolaires\/","title":{"rendered":"Action de Pr\u00e9vention transports scolaires"},"content":{"rendered":"\n<figure class=\"wp-block-image size-large\"><img loading=\"lazy\" decoding=\"async\" width=\"1024\" height=\"259\" src=\"https:\/\/collegedemontussan.fr\/wp-content\/uploads\/2026\/01\/Capture-decran-2026-01-05-174544-1024x259.png\" alt=\"\" class=\"wp-image-501\" srcset=\"https:\/\/collegedemontussan.fr\/wp-content\/uploads\/2026\/01\/Capture-decran-2026-01-05-174544-1024x259.png 1024w, https:\/\/collegedemontussan.fr\/wp-content\/uploads\/2026\/01\/Capture-decran-2026-01-05-174544-300x76.png 300w, https:\/\/collegedemontussan.fr\/wp-content\/uploads\/2026\/01\/Capture-decran-2026-01-05-174544-768x194.png 768w, https:\/\/collegedemontussan.fr\/wp-content\/uploads\/2026\/01\/Capture-decran-2026-01-05-174544-1536x388.png 1536w, https:\/\/collegedemontussan.fr\/wp-content\/uploads\/2026\/01\/Capture-decran-2026-01-05-174544.png 1824w\" sizes=\"auto, (max-width: 1024px) 100vw, 1024px\" \/><\/figure>\n\n\n\n<p>Le programme S\u00e9curibus permet d\u2019expliquer les consignes \u00e0 bord des autocars et aux abords des points d\u2019arr\u00eats, notamment avec la vid\u00e9o quiz. Compos\u00e9s d\u2019<strong>ateliers th\u00e9oriques<\/strong> et de <strong>d\u00e9monstrations pratiques<\/strong>, ces temps de sensibilisation sont aussi l\u2019occasion d\u2019apprendre les r\u00e8gles et les comportements \u00e0 suivre en cas d\u2019incident. Un exercice d\u2019\u00e9vacuation peut m\u00eame \u00eatre organis\u00e9.<\/p>\n\n\n\n<p>Tous les \u00e9l\u00e8ves de 6\u00e8mes b\u00e9n\u00e9ficieront d&rsquo;une s\u00e9ance de sensibilisation de 2h par classe en janvier 2026, organis\u00e9e par la R\u00e9gion Nouvelle Aquitaine, en charge des transports scolaires<\/p>\n","protected":false},"excerpt":{"rendered":"<p>Le programme S\u00e9curibus permet d\u2019expliquer les consignes \u00e0 bord des autocars et aux abords des points d\u2019arr\u00eats, notamment avec la vid\u00e9o quiz. Compos\u00e9s d\u2019ateliers th\u00e9oriques et de d\u00e9monstrations pratiques, ces temps de sensibilisation sont aussi l\u2019occasion d\u2019apprendre les r\u00e8gles et les comportements \u00e0 suivre en cas d\u2019incident. Un exercice d\u2019\u00e9vacuation peut m\u00eame \u00eatre organis\u00e9. Tous [&hellip;]<\/p>\n","protected":false},"author":2,"featured_media":0,"comment_status":"closed","ping_status":"","sticky":false,"template":"","format":"standard","meta":{"footnotes":""},"categories":[1],"tags":[],"class_list":["post-500","post","type-post","status-publish","format-standard","hentry","category-non-classe"],"_links":{"self":[{"href":"https:\/\/collegedemontussan.fr\/index.php\/wp-json\/wp\/v2\/posts\/500","targetHints":{"allow":["GET"]}}],"collection":[{"href":"https:\/\/collegedemontussan.fr\/index.php\/wp-json\/wp\/v2\/posts"}],"about":[{"href":"https:\/\/collegedemontussan.fr\/index.php\/wp-json\/wp\/v2\/types\/post"}],"author":[{"embeddable":true,"href":"https:\/\/collegedemontussan.fr\/index.php\/wp-json\/wp\/v2\/users\/2"}],"replies":[{"embeddable":true,"href":"https:\/\/collegedemontussan.fr\/index.php\/wp-json\/wp\/v2\/comments?post=500"}],"version-history":[{"count":1,"href":"https:\/\/collegedemontussan.fr\/index.php\/wp-json\/wp\/v2\/posts\/500\/revisions"}],"predecessor-version":[{"id":502,"href":"https:\/\/collegedemontussan.fr\/index.php\/wp-json\/wp\/v2\/posts\/500\/revisions\/502"}],"wp:attachment":[{"href":"https:\/\/collegedemontussan.fr\/index.php\/wp-json\/wp\/v2\/media?parent=500"}],"wp:term":[{"taxonomy":"category","embeddable":true,"href":"https:\/\/collegedemontussan.fr\/index.php\/wp-json\/wp\/v2\/categories?post=500"},{"taxonomy":"post_tag","embeddable":true,"href":"https:\/\/collegedemontussan.fr\/index.php\/wp-json\/wp\/v2\/tags?post=500"}],"curies":[{"name":"wp","href":"https:\/\/api.w.org\/{rel}","templated":true}]}}